{"id":2128,"date":"2026-03-02T12:01:50","date_gmt":"2026-03-02T11:01:50","guid":{"rendered":"https:\/\/www.hotelvillarosella.it\/?p=2128"},"modified":"2026-03-02T12:01:50","modified_gmt":"2026-03-02T11:01:50","slug":"gran-festa-dista-canazei-folklore-tradizione-ladina","status":"publish","type":"post","link":"https:\/\/www.hotelvillarosella.it\/de\/gran-festa-da-dista-a-canazei-folklore-e-tradizione-ladina\/","title":{"rendered":"Gran Festa da D\u2019Ist\u00e0 a Canazei: Folklore e Tradizione Ladina"},"content":{"rendered":"<p>Il profumo di festa, quello che ogni anno, per tre giorni, trasforma Canazei in un palcoscenico a cielo aperto. Senti gi\u00e0 il richiamo delle fisarmoniche che si diffonde tra le cime del Sella e della Marmolada, mentre l&#8217;aria frizzante di settembre inizia a mordere le guance. \u00c8 la Gran Festa da D\u2019Ist\u00e0, un appuntamento che noi qui sentiamo nel sangue. Ogni anno, a Canazei, riviviamo le nostre radici ladine con un entusiasmo che ti travolge.<\/p>\n<h3>Gran Festa da D\u2019Ist\u00e0 a Canazei: Folklore e Tradizione Ladina<\/h3>\n<p>Ci sono eventi che non sono solo manifestazioni, ma veri e propri pilastri della nostra identit\u00e0. La Gran Festa da D\u2019Ist\u00e0 \u00e8 uno di questi, un\u2019immersione profonda nella cultura ladina che, da decenni, celebriamo con orgoglio qui. \u00c8 il nostro modo di tenere vive le tradizioni, la lingua e i costumi che ci rendono unici nel cuore delle Dolomiti.<\/p>\n<h3>Gran Festa da D\u2019Ist\u00e0: Storia e Tradizione Ladina<\/h3>\n<p>La Gran Festa da D\u2019Ist\u00e0 nasce dal desiderio di celebrare e tramandare la ricchezza della cultura ladina. Per noi \u00e8 un momento cruciale per riconnetterci con le nostre origini, attraverso canti, balli e rappresentazioni che raccontano storie antiche. La localit\u00e0 diventa il punto di incontro per tutte le valli ladine.<\/p>\n<p>\u00c8 incredibile vedere come si uniscono ben quattro valli \u2013 la Val di Fassa, la Val Badia, la Val Gardena, la Valle di Livinallongo e l\u2019Anpezo \u2013 per condividere questo patrimonio. Se vuoi approfondire, puoi scoprire di pi\u00f9 sulla cultura Ladina.<\/p>\n<h3>Un Tuffo nel Folklore: La Sfilata dei Gruppi Tradizionali<\/h3>\n<p>Il momento clou della festa \u00e8 senza dubbio la sfilata. Immagina un fiume di colori che scorre per le vie della localit\u00e0, con i nostri gruppi tradizionali che indossano abiti finemente ricamati, testimoni di un&#8217;arte che si tramanda di generazione in generazione. Non \u00e8 solo uno spettacolo, \u00e8 una processione vivente della nostra storia.<\/p>\n<p>Le bande musicali accompagnano il passo, e i carri allegorici, spesso opere d&#8217;arte artigianali, raccontano scene di vita contadina e leggende locali. Ogni edizione vede sfilare circa 1000 persone, creando un&#8217;atmosfera di gioia e condivisione che ti resta nel cuore.<\/p>\n<h3>Gastronomia Tipica e Intrattenimento Sotto il Tendone<\/h3>\n<p>Sotto il grande tendone della festa, l&#8217;aria \u00e8 densa di profumi che ti fanno venire l&#8217;acquolina in bocca. Qui assaggiamo i veri sapori della tradizione ladina: dai canederli fumanti ai deliziosi dolci come le &#8222;sones&#8220; e le &#8222;fortaes&#8220;, preparate con ricette che solo le nostre nonne conoscono. \u00c8 una festa per il palato, un&#8217;occasione unica per gustare la nostra cucina autentica.<\/p>\n<p>La cucina tipica apre il venerd\u00ec alle 19:00, il sabato a mezzogiorno e la domenica alle 11:30. L&#8217;atmosfera \u00e8 sempre vivace, con musica dal vivo e DJ set che animano le serate fino all&#8217;01:00 il venerd\u00ec e sabato, e fino alle 23:00 la domenica. Ti consigliamo di <a href=\"https:\/\/www.youtube.com\/watch?v=Iaa3jUeZvd8\">guardare un video della festa<\/a> per farti un&#8217;idea dell&#8217;energia che si respira.<\/p>\n<h3>Programma Gran Festa da D\u2019Ist\u00e0 2026: Appuntamenti Imperdibili<\/h3>\n<p>Sappiamo che ti piace organizzare in anticipo, quindi ti diamo qualche dritta sul programma stimato per l&#8217;edizione 2026. Tieni presente che queste sono date e orari basati sulle edizioni precedenti, quindi il programma ufficiale potrebbe avere piccole variazioni. Le date previste sono dall&#8217;11 al 13 settembre 2026, per tre giorni di pura festa.<\/p>\n<p>Il programma ufficiale della Gran Festa da d&#8217;Ist\u00e0 sar\u00e0 disponibile pi\u00f9 avanti, quindi controlla sempre gli aggiornamenti.<\/p>\n<h4>Venerd\u00ec: L&#8217;Inizio della Festa<\/h4>\n<p>Il venerd\u00ec \u00e8 il giorno in cui la festa prende il via. Il tendone apre le sue porte intorno alle 18:30, e poco dopo, verso le 20:00, inizia la musica serale. Di solito, un gruppo energico come i &#8222;PARTYMAFIA&#8220; scalda l&#8217;ambiente, dando il via a un fine settimana indimenticabile. \u00c8 il momento perfetto per iniziare a immergerti nei sapori e nei suoni ladini.<\/p>\n<h4>Sabato: Musica e Sapori in Festa<\/h4>\n<p>Il sabato \u00e8 una giornata piena di vita. Il tendone apre gi\u00e0 alle 11:00 del mattino, permettendoci di goderci la gastronomia tipica anche a pranzo. La musica non si ferma mai, con gruppi che si alternano sul palco. La sera, verso le 20:00, l&#8217;atmosfera si accende con band come &#8222;DERGRENZGANGERSOUND&#8220;, che fanno ballare tutti fino a tarda notte.<\/p>\n<h4>Domenica: Il Gran Finale con la Sfilata<\/h4>\n<p>La domenica \u00e8 il culmine della Gran Festa da D\u2019Ist\u00e0, un&#8217;esplosione di tradizione e gioia. Si inizia con la Santa Messa, di solito alle 10:00, un momento di riflessione prima del grande spettacolo. Le esibizioni mattutine ci accompagnano fino al momento pi\u00f9 atteso: la grande sfilata per le vie della localit\u00e0, che parte intorno alle 15:00.<\/p>\n<p>Nel pomeriggio e la sera, il tendone si anima con concerti di gruppi come &#8222;ALPENLAND POWER&#8220;, &#8222;GIPFELSTURMER&#8220; e &#8222;PARTYKRAINER&#8220;, che ci fanno ballare fino alla chiusura della festa, prevista per le 23:00. \u00c8 il modo perfetto per salutare questa meravigliosa celebrazione.<\/p>\n<h3>Consigli Pratici per Vivere al Meglio la Gran Festa da D\u2019Ist\u00e0<\/h3>\n<p>Per goderti appieno la Gran Festa da D\u2019Ist\u00e0, \u00e8 utile avere qualche informazione pratica. La festa attira molta gente, quindi un po&#8216; di preparazione pu\u00f2 fare la differenza. Per ulteriori informazioni turistiche Val di Fassa, puoi consultare <a href=\"https:\/\/www.fassa.com\/it\/eventi\/gran-festa-da-d-ista\">il portale ufficiale<\/a>.<\/p>\n<h4>Come Arrivare alla festa e Gestire il Traffico<\/h4>\n<p>La localit\u00e0 \u00e8 ben collegata, ma durante i giorni della festa, specialmente la domenica, il traffico pu\u00f2 essere intenso. Ti consigliamo di arrivare con un po&#8216; di anticipo o di usare i mezzi pubblici. La domenica, in particolare, la chiusura del traffico per la sfilata \u00e8 prevista tra le 14:50 e le 16:30, quindi pianifica i tuoi spostamenti.<\/p>\n<p>La nostra struttura si trova a circa 2 km dal centro del paese, dove si tiene la festa, un tragitto che si fa in circa 5 minuti in auto o una ventina di minuti a piedi. L&#8217;organizzazione coinvolge circa 250 volontari per garantire che tutto si svolga al meglio. Puoi consultare la mappa della zona e dintorni per orientarti e <a href=\"https:\/\/www.facebook.com\/granfestaista\/?locale=it_IT\">controllare gli aggiornamenti in tempo reale sulla pagina Facebook ufficiale<\/a>.<\/p>\n<h4>Cosa Portare e Prepararsi all&#8217;Evento<\/h4>\n<p>Essendo in montagna, il tempo pu\u00f2 cambiare rapidamente, anche a settembre. Ti consigliamo un abbigliamento a strati, con una giacca antivento e magari un ombrello leggero. Non dimenticare scarpe comode, perch\u00e9 camminerai molto per goderti tutte le attrazioni.<\/p>\n<p>\u00c8 sempre una buona idea avere con s\u00e9 un po&#8216; di contanti, anche se molti stand accettano pagamenti digitali. E ovviamente, non dimenticare la macchina fotografica: la Gran Festa da D\u2019Ist\u00e0 \u00e8 un&#8217;esplosione di colori e momenti che vorrai immortalare.<\/p>\n<h3>Soggiornare in Val di Fassa per la Gran Festa da D\u2019Ist\u00e0<\/h3>\n<p>Partecipare alla Gran Festa da D\u2019Ist\u00e0 \u00e8 un&#8217;esperienza che merita un soggiorno pi\u00f9 lungo in Val di Fassa. \u00c8 l&#8217;occasione perfetta per esplorare le nostre montagne, fare escursioni e poi, la sera, immergerti nella festa. L&#8217;Hotel Villa Rosella si propone come una base ideale per vivere al meglio questi giorni di celebrazione.<\/p>\n<p>Da noi, troverai il giusto equilibrio tra la vivacit\u00e0 della festa e la tranquillit\u00e0 di cui hai bisogno per recuperare le energie. Ti invitiamo a <a href=\"https:\/\/www.hotelvillarosella.it\/offerta\/offerta-in-settembre-a-canazei\/\">scoprire le nostre offerte per settembre<\/a> e a dare un&#8217;occhiata alla <a href=\"https:\/\/www.hotelvillarosella.it\/canazei\/posizione\/\">posizione strategica dell&#8217;hotel<\/a>, perfetta per ogni tua avventura.<\/p>\n<h3>L&#8217;Esperienza Villa Rosella: Comfort e Tradizione<\/h3>\n<p>Dopo una giornata trascorsa tra musica, balli e sapori ladini, \u00e8 fondamentale avere un luogo dove rilassarsi e ricaricare le batterie. All&#8217;Hotel Villa Rosella, ci prendiamo cura di questo aspetto con la nostra area benessere. Potrai distendere i muscoli nell&#8217;idromassaggio con acqua a 35\u00b0C, eliminare le tossine nella sauna finlandese a 90\u00b0C o purificare le vie respiratorie nel bagno turco con essenze aromatiche orientali.<\/p>\n<p><!-- DATO MANCANTE: mq area benessere \u2014 dalla Bibbia --><\/p>\n<p>La nostra cucina, poi, \u00e8 un invito a continuare il viaggio nei sapori locali, con piatti che uniscono tradizione e qualit\u00e0, perfetti per concludere ogni giornata di festa.<\/p>\n<h3>Informazioni Utili per il tuo Soggiorno<\/h3>\n<h3>Dove si trova l&#8217;Hotel Villa Rosella rispetto alla Gran Festa da D\u2019Ist\u00e0?<\/h3>\n<p>La nostra struttura dista circa 2 km dal centro del paese, dove si tiene la Gran Festa da D\u2019Ist\u00e0. Si raggiunge in circa 5 minuti in auto o 20-25 minuti a piedi, permettendoti di arrivare facilmente al cuore della festa.<\/p>\n<h3>L&#8217;Hotel Villa Rosella offre servizi per il relax dopo una giornata di festa?<\/h3>\n<p>Certamente! Dopo la festa, la nostra area benessere \u00e8 l&#8217;ideale per il recupero. Rilassati nella sauna finlandese a 90\u00b0C, approfitta del bagno turco con essenze aromatiche orientali o immergiti nell&#8217;idromassaggio per decontrarre la muscolatura.<\/p>\n<p><!-- DATO MANCANTE: mq area benessere \u2014 dalla Bibbia --><\/p>\n","protected":false},"excerpt":{"rendered":"<p>Il profumo di festa, quello che ogni anno, per tre giorni, trasforma Canazei in un palcoscenico a cielo aperto. Senti gi\u00e0 il richiamo delle fisarmoniche che si diffonde tra le cime del Sella e della Marmolada, mentre l&#8217;aria frizzante di settembre inizia a mordere le guance. \u00c8 la Gran Festa da D\u2019Ist\u00e0, un appuntamento che [&hellip;]<\/p>\n","protected":false},"author":5,"featured_media":2241,"comment_status":"closed","ping_status":"closed","sticky":false,"template":"","format":"standard","meta":{"footnotes":""},"categories":[1],"tags":[],"class_list":["post-2128","post","type-post","status-publish","format-standard","has-post-thumbnail","hentry","category-senza-categoria"],"_links":{"self":[{"href":"https:\/\/www.hotelvillarosella.it\/de\/wp-json\/wp\/v2\/posts\/2128","targetHints":{"allow":["GET"]}}],"collection":[{"href":"https:\/\/www.hotelvillarosella.it\/de\/wp-json\/wp\/v2\/posts"}],"about":[{"href":"https:\/\/www.hotelvillarosella.it\/de\/wp-json\/wp\/v2\/types\/post"}],"author":[{"embeddable":true,"href":"https:\/\/www.hotelvillarosella.it\/de\/wp-json\/wp\/v2\/users\/5"}],"replies":[{"embeddable":true,"href":"https:\/\/www.hotelvillarosella.it\/de\/wp-json\/wp\/v2\/comments?post=2128"}],"version-history":[{"count":2,"href":"https:\/\/www.hotelvillarosella.it\/de\/wp-json\/wp\/v2\/posts\/2128\/revisions"}],"predecessor-version":[{"id":2242,"href":"https:\/\/www.hotelvillarosella.it\/de\/wp-json\/wp\/v2\/posts\/2128\/revisions\/2242"}],"wp:featuredmedia":[{"embeddable":true,"href":"https:\/\/www.hotelvillarosella.it\/de\/wp-json\/wp\/v2\/media\/2241"}],"wp:attachment":[{"href":"https:\/\/www.hotelvillarosella.it\/de\/wp-json\/wp\/v2\/media?parent=2128"}],"wp:term":[{"taxonomy":"category","embeddable":true,"href":"https:\/\/www.hotelvillarosella.it\/de\/wp-json\/wp\/v2\/categories?post=2128"},{"taxonomy":"post_tag","embeddable":true,"href":"https:\/\/www.hotelvillarosella.it\/de\/wp-json\/wp\/v2\/tags?post=2128"}],"curies":[{"name":"wp","href":"https:\/\/api.w.org\/{rel}","templated":true}]}}